{"id":2729,"date":"2020-11-07T18:11:00","date_gmt":"2020-11-07T18:11:00","guid":{"rendered":"https:\/\/segurarse.com.ar\/blog\/?p=2729"},"modified":"2026-01-09T13:19:01","modified_gmt":"2026-01-09T13:19:01","slug":"consejos-para-usar-el-barbijo-en-verano","status":"publish","type":"post","link":"https:\/\/segurarse.com.ar\/blog\/2020\/11\/07\/consejos-para-usar-el-barbijo-en-verano\/","title":{"rendered":"Consejos para usar el barbijo en verano"},"content":{"rendered":"\r\n<p>Adem\u00e1s de las distintas medidas de seguridad como el aislamiento social y el\u00a0lavado de manos frecuente, el uso de mascarillas se ha mostrado muy eficaz para frenar el aumento de las infecciones por COVID-19. Es m\u00e1s, un\u00a0estudio\u00a0realizado en la Universidad China de Hong Kong, que fue publicado en American Journal of Respiratory and Critical Care Medicine, concluye que los pa\u00edses y las regiones que incorporaron antes el uso de las\u00a0mascarillas\u00a0tuvieron una tasa de infecci\u00f3n m\u00e1s baja. Y usa como ejemplo Hong Kong y \u00e1reas de Taiw\u00e1n, Tailandia y Malasia.<\/p>\r\n\r\n\r\n\r\n<p>Se han realizado otros estudios\u00a0que tambi\u00e9n resaltan la importancia del uso de mascarillas para ayudar a reducir la propagaci\u00f3n. Es por esto que, una vez asegurado el suministro, cada vez m\u00e1s pa\u00edses opten por el uso obligatorio en espacios p\u00fablicos.<\/p>\r\n\r\n\r\n\r\n<p>Queda clara la eficacia de los barbijos, as\u00ed que es importante utilizarlos, pese a que esto pueda generar incomodidad, especialmente durante los d\u00edas de mucho calor. Esas sensaciones de sudor, picores, calor, irritaci\u00f3n de la piel y dificultad para respirar son algunos de los inconvenientes m\u00e1s habituales cuando la llev\u00e1s puesta, y dan tentaciones de sac\u00e1rtela. Segu\u00ed los consejos que te dejamos a continuaci\u00f3n y que te van a ayudar a sobrellevar su uso en los d\u00edas estivales.<\/p>\r\n\r\n\r\n\r\n<p><strong>-Opta por barbijos o mascarillas de materiales transpirables.<\/strong>\u00a0Las m\u00e1s recomendadas hechas de tela \u2014indican los Centers for Disease Control and Prevention (CDC)\u2013 son las de algod\u00f3n 100%. Pueden adquirirse en farmacias o bien pod\u00e9s confeccionar tu propia mascarilla, por ejemplo, con una camisa o camiseta vieja, de un color claro, ya que este rebota el calor. No te olvides de lavar e higienizar las mascarillas de tela con la mayor frecuencia posible.<\/p>\r\n\r\n\r\n\r\n<p><strong>-Que ajuste bien pero sin apretar.<\/strong>\u00a0El barbijo tiene que tapar la boca y la nariz, pero no demasiado para facilitar la respiraci\u00f3n. Para ello, adapt\u00e1 las gomas o el\u00e1sticos de las mascarillas a tu fisionom\u00eda.<\/p>\r\n\r\n\r\n\r\n<p><strong>-A causa de las temperaturas muy altas y a la humedad,<\/strong>\u00a0no es recomendable el uso continuado de las mascarillas porque acumulan todav\u00eda m\u00e1s bacterias. Es muy oportuno, para poder evitar esto, llevarlas en interiores, como el transporte p\u00fablico y supermercados, y en exteriores solo cuando no se pueda mantener la distancia de seguridad. Ojo, cabe aclarar que esto no significa que las mascarillas sustituyan el distanciamiento social: lo mejor es evitar ir a lugares en los que no se puede respetar el distanciamiento f\u00edsico.<\/p>\r\n\r\n\r\n\r\n<p><strong>-Mascarillas de reemplazo.<\/strong>\u00a0Por la transpiraci\u00f3n o el exceso de humedad, las mascarillas pierden eficacia y, adem\u00e1s, al mojarse pueden irritar la piel y la cara. Debido a esto es recomendable que lleves con vos m\u00e1s de una mascarilla para cambiarla cuando sea necesario. Transp\u00f3rtalas dentro de una bolsa de pl\u00e1stico y se mantendr\u00e1n limpias y secas. Cuando te la saques, proteg\u00e9 el interior a la hora de guardarla en una bolsa de pl\u00e1stico con cierre.<\/p>\r\n\r\n\r\n\r\n<p><strong>-Desechalas con seguridad.<\/strong>\u00a0A la hora de reemplazarlas, guard\u00e1 la usada en otra bolsa de pl\u00e1stico.<\/p>\r\n\r\n\r\n\r\n<p><strong>-Aseg\u00farate de lavarte las manos<\/strong>\u00a0y procur\u00e1 no tocar la parte exterior de la m\u00e1scara.\u00a0Llev\u00e1 con vos un gel desinfectante por si no pod\u00e9s lavarlas antes y despu\u00e9s de ponerte la mascarilla.<\/p>\r\n\r\n\r\n\r\n<p><strong>-Intent\u00e1 quedarte en casa y no salir a la calle durante las horas de m\u00e1s calor.<\/strong>\u00a0Y si lo hac\u00e9s a primera o a \u00faltima hora del d\u00eda, mucho mejor.<\/p>\r\n\r\n\r\n\r\n<p><strong>-Cuid\u00e1 la piel de esa zona.<\/strong>\u00a0Aplic\u00e1 soluciones hidratantes para prevenir posibles irritaciones.<\/p>\r\n\r\n\r\n\r\n<p><strong>-Si vas a la playa o a la pileta, us\u00e1 protector solar<\/strong>\u00a0para que no te queden marcas en la cara. Si sucede que la mascarilla se mancha excesivamente de crema, des\u00e9chala. Para nadar no la vas a necesitar, pero al salir del agua s\u00ed. Procur\u00e1 no mojarla ni ensuciarla, y si te pasa esto, ten\u00e9s que usar una nueva.<\/p>\r\n\r\n\r\n\r\n<p><strong>-Buena hidrataci\u00f3n.<\/strong>\u00a0Intent\u00e1 tomar agua con frecuencia, tal y como debe hacerse en verano, cuando sudamos un poco m\u00e1s.<\/p>\r\n\r\n\r\n\r\n<p><strong>-Evit\u00e1 el uso prolongado.<\/strong>\u00a0Us\u00e1 la mascarilla cuando sea necesario, pero sac\u00e1tela tan pronto como puedas.<\/p>\r\n\r\n\r\n\r\n<p>Record\u00e1 que en nuestra web pod\u00e9s cotizar tu <strong>Plan M\u00e9dico<\/strong> de forma f\u00e1cil y r\u00e1pida, compar\u00e1 entre las mejores aseguradoras del pa\u00eds en <a href=\"http:\/\/www.segurarse.com\">www.segurarse.com<\/a><\/p>\r\n\r\n\r\n\r\n<figure class=\"wp-block-image size-large\"><a href=\"http:\/\/https:\/\/segurarse.com.ar\/seguros-individuos?utm_source=Blog&amp;utm_medium=Nota&amp;utm_campaign=Blog-banner\"><img decoding=\"async\" class=\"aligncenter wp-image-5074 size-full\" src=\"https:\/\/segurarse.com.ar\/blog\/wp-content\/uploads\/2020\/08\/banner_generico.jpg\" alt=\"coberturas para todos los riesgos\" width=\"1667\" height=\"792\" srcset=\"https:\/\/segurarse.com.ar\/blog\/wp-content\/uploads\/2020\/08\/banner_generico.jpg 1667w, https:\/\/segurarse.com.ar\/blog\/wp-content\/uploads\/2020\/08\/banner_generico-300x143.jpg 300w, https:\/\/segurarse.com.ar\/blog\/wp-content\/uploads\/2020\/08\/banner_generico-1024x487.jpg 1024w, https:\/\/segurarse.com.ar\/blog\/wp-content\/uploads\/2020\/08\/banner_generico-768x365.jpg 768w, https:\/\/segurarse.com.ar\/blog\/wp-content\/uploads\/2020\/08\/banner_generico-1536x730.jpg 1536w\" sizes=\"(max-width: 1667px) 100vw, 1667px\" \/><\/a><\/figure>\r\n","protected":false},"excerpt":{"rendered":"<p>Adem\u00e1s de las distintas medidas de seguridad como el aislamiento social y el\u00a0lavado de manos frecuente, el uso de mascarillas se ha mostrado muy eficaz<\/p>\n","protected":false},"author":2,"featured_media":2730,"comment_status":"closed","ping_status":"closed","sticky":false,"template":"","format":"standard","meta":{"footnotes":""},"categories":[330],"tags":[53,481,482,28,4,65,400,424,435,401,399,7,421,54,300,10],"class_list":["post-2729","post","type-post","status-publish","format-standard","has-post-thumbnail","hentry","category-salud","tag-broker","tag-broker-de-seguros","tag-broker-digital","tag-coberturas","tag-cotizar-seguro","tag-cotizar-seguro-online","tag-plan-medico","tag-planes-medicos","tag-prepaga-medica","tag-prevencion-salud","tag-salud","tag-segurarse","tag-seguro-medico","tag-seguros","tag-seguros-de-salud","tag-seguros-en-argentina"],"yoast_head":"<!-- This site is optimized with the Yoast SEO plugin v27.4 - https:\/\/yoast.com\/product\/yoast-seo-wordpress\/ -->\r\n<title>Consejos para usar el barbijo en verano - Segurarse<\/title>\r\n<meta name=\"robots\" content=\"index, follow, max-snippet:-1, max-image-preview:large, max-video-preview:-1\" \/>\r\n<link rel=\"canonical\" href=\"https:\/\/segurarse.com.ar\/blog\/2020\/11\/07\/consejos-para-usar-el-barbijo-en-verano\/\" \/>\r\n<meta property=\"og:locale\" content=\"es_ES\" \/>\r\n<meta property=\"og:type\" content=\"article\" \/>\r\n<meta property=\"og:title\" content=\"Consejos para usar el barbijo en verano - Segurarse\" \/>\r\n<meta property=\"og:description\" content=\"Adem\u00e1s de las distintas medidas de seguridad como el aislamiento social y el\u00a0lavado de manos frecuente, el uso de mascarillas se ha mostrado muy eficaz\" \/>\r\n<meta property=\"og:url\" content=\"https:\/\/segurarse.com.ar\/blog\/2020\/11\/07\/consejos-para-usar-el-barbijo-en-verano\/\" \/>\r\n<meta property=\"og:site_name\" content=\"Segurarse\" \/>\r\n<meta property=\"article:published_time\" content=\"2020-11-07T18:11:00+00:00\" \/>\r\n<meta property=\"article:modified_time\" content=\"2026-01-09T13:19:01+00:00\" \/>\r\n<meta property=\"og:image\" content=\"https:\/\/segurarse.com.ar\/blog\/wp-content\/uploads\/2020\/11\/seguro-salud.jpg\" \/>\r\n\t<meta property=\"og:image:width\" content=\"1170\" \/>\r\n\t<meta property=\"og:image:height\" content=\"630\" \/>\r\n\t<meta property=\"og:image:type\" content=\"image\/jpeg\" \/>\r\n<meta name=\"author\" content=\"Segurarse Blog\" \/>\r\n<meta name=\"twitter:card\" content=\"summary_large_image\" \/>\r\n<meta name=\"twitter:label1\" content=\"Escrito por\" \/>\n\t<meta name=\"twitter:data1\" content=\"Segurarse Blog\" \/>\n\t<meta name=\"twitter:label2\" content=\"Tiempo de lectura\" \/>\n\t<meta name=\"twitter:data2\" content=\"4 minutos\" \/>\r\n<!-- \/ Yoast SEO plugin. -->","yoast_head_json":{"title":"Consejos para usar el barbijo en verano - Segurarse","robots":{"index":"index","follow":"follow","max-snippet":"max-snippet:-1","max-image-preview":"max-image-preview:large","max-video-preview":"max-video-preview:-1"},"canonical":"https:\/\/segurarse.com.ar\/blog\/2020\/11\/07\/consejos-para-usar-el-barbijo-en-verano\/","og_locale":"es_ES","og_type":"article","og_title":"Consejos para usar el barbijo en verano - Segurarse","og_description":"Adem\u00e1s de las distintas medidas de seguridad como el aislamiento social y el\u00a0lavado de manos frecuente, el uso de mascarillas se ha mostrado muy eficaz","og_url":"https:\/\/segurarse.com.ar\/blog\/2020\/11\/07\/consejos-para-usar-el-barbijo-en-verano\/","og_site_name":"Segurarse","article_published_time":"2020-11-07T18:11:00+00:00","article_modified_time":"2026-01-09T13:19:01+00:00","og_image":[{"width":1170,"height":630,"url":"https:\/\/segurarse.com.ar\/blog\/wp-content\/uploads\/2020\/11\/seguro-salud.jpg","type":"image\/jpeg"}],"author":"Segurarse Blog","twitter_card":"summary_large_image","twitter_misc":{"Escrito por":"Segurarse Blog","Tiempo de lectura":"4 minutos"},"schema":{"@context":"https:\/\/schema.org","@graph":[{"@type":"Article","@id":"https:\/\/segurarse.com.ar\/blog\/2020\/11\/07\/consejos-para-usar-el-barbijo-en-verano\/#article","isPartOf":{"@id":"https:\/\/segurarse.com.ar\/blog\/2020\/11\/07\/consejos-para-usar-el-barbijo-en-verano\/"},"author":{"name":"Segurarse Blog","@id":"https:\/\/segurarse.com.ar\/blog\/#\/schema\/person\/f65ec232759e07b2f87947be66883da4"},"headline":"Consejos para usar el barbijo en verano","datePublished":"2020-11-07T18:11:00+00:00","dateModified":"2026-01-09T13:19:01+00:00","mainEntityOfPage":{"@id":"https:\/\/segurarse.com.ar\/blog\/2020\/11\/07\/consejos-para-usar-el-barbijo-en-verano\/"},"wordCount":755,"image":{"@id":"https:\/\/segurarse.com.ar\/blog\/2020\/11\/07\/consejos-para-usar-el-barbijo-en-verano\/#primaryimage"},"thumbnailUrl":"https:\/\/segurarse.com.ar\/blog\/wp-content\/uploads\/2020\/11\/seguro-salud.jpg","keywords":["broker","broker de seguros","broker digital","coberturas","cotizar seguro","cotizar seguro online","plan medico","planes medicos","prepaga medica","prevencion salud","salud","segurarse","seguro medico","seguros","seguros de salud","seguros en argentina"],"articleSection":["Salud"],"inLanguage":"es"},{"@type":"WebPage","@id":"https:\/\/segurarse.com.ar\/blog\/2020\/11\/07\/consejos-para-usar-el-barbijo-en-verano\/","url":"https:\/\/segurarse.com.ar\/blog\/2020\/11\/07\/consejos-para-usar-el-barbijo-en-verano\/","name":"Consejos para usar el barbijo en verano - Segurarse","isPartOf":{"@id":"https:\/\/segurarse.com.ar\/blog\/#website"},"primaryImageOfPage":{"@id":"https:\/\/segurarse.com.ar\/blog\/2020\/11\/07\/consejos-para-usar-el-barbijo-en-verano\/#primaryimage"},"image":{"@id":"https:\/\/segurarse.com.ar\/blog\/2020\/11\/07\/consejos-para-usar-el-barbijo-en-verano\/#primaryimage"},"thumbnailUrl":"https:\/\/segurarse.com.ar\/blog\/wp-content\/uploads\/2020\/11\/seguro-salud.jpg","datePublished":"2020-11-07T18:11:00+00:00","dateModified":"2026-01-09T13:19:01+00:00","author":{"@id":"https:\/\/segurarse.com.ar\/blog\/#\/schema\/person\/f65ec232759e07b2f87947be66883da4"},"breadcrumb":{"@id":"https:\/\/segurarse.com.ar\/blog\/2020\/11\/07\/consejos-para-usar-el-barbijo-en-verano\/#breadcrumb"},"inLanguage":"es","potentialAction":[{"@type":"ReadAction","target":["https:\/\/segurarse.com.ar\/blog\/2020\/11\/07\/consejos-para-usar-el-barbijo-en-verano\/"]}]},{"@type":"ImageObject","inLanguage":"es","@id":"https:\/\/segurarse.com.ar\/blog\/2020\/11\/07\/consejos-para-usar-el-barbijo-en-verano\/#primaryimage","url":"https:\/\/segurarse.com.ar\/blog\/wp-content\/uploads\/2020\/11\/seguro-salud.jpg","contentUrl":"https:\/\/segurarse.com.ar\/blog\/wp-content\/uploads\/2020\/11\/seguro-salud.jpg","width":1170,"height":630,"caption":"seguro-salud"},{"@type":"BreadcrumbList","@id":"https:\/\/segurarse.com.ar\/blog\/2020\/11\/07\/consejos-para-usar-el-barbijo-en-verano\/#breadcrumb","itemListElement":[{"@type":"ListItem","position":1,"name":"Portada","item":"https:\/\/segurarse.com.ar\/blog\/"},{"@type":"ListItem","position":2,"name":"Consejos para usar el barbijo en verano"}]},{"@type":"WebSite","@id":"https:\/\/segurarse.com.ar\/blog\/#website","url":"https:\/\/segurarse.com.ar\/blog\/","name":"Segurarse","description":"Todas las compa\u00f1ias en un solo lugar!","potentialAction":[{"@type":"SearchAction","target":{"@type":"EntryPoint","urlTemplate":"https:\/\/segurarse.com.ar\/blog\/?s={search_term_string}"},"query-input":{"@type":"PropertyValueSpecification","valueRequired":true,"valueName":"search_term_string"}}],"inLanguage":"es"},{"@type":"Person","@id":"https:\/\/segurarse.com.ar\/blog\/#\/schema\/person\/f65ec232759e07b2f87947be66883da4","name":"Segurarse Blog","image":{"@type":"ImageObject","inLanguage":"es","@id":"https:\/\/secure.gravatar.com\/avatar\/d6327eeee918328eb74cff3c4c69593b268562446836eab6fbcc1881c0a42af8?s=96&d=mm&r=g","url":"https:\/\/secure.gravatar.com\/avatar\/d6327eeee918328eb74cff3c4c69593b268562446836eab6fbcc1881c0a42af8?s=96&d=mm&r=g","contentUrl":"https:\/\/secure.gravatar.com\/avatar\/d6327eeee918328eb74cff3c4c69593b268562446836eab6fbcc1881c0a42af8?s=96&d=mm&r=g","caption":"Segurarse Blog"},"description":"Asesor de Seguros sirviendo clientes en toda la rep\u00fablica argentina. Brindamos un servicio personalizado para que consigas el mejor precio y cobertura.","sameAs":["https:\/\/segurarse.com.ar"],"url":"https:\/\/segurarse.com.ar\/blog\/author\/segurarse\/"}]}},"_links":{"self":[{"href":"https:\/\/segurarse.com.ar\/blog\/wp-json\/wp\/v2\/posts\/2729","targetHints":{"allow":["GET"]}}],"collection":[{"href":"https:\/\/segurarse.com.ar\/blog\/wp-json\/wp\/v2\/posts"}],"about":[{"href":"https:\/\/segurarse.com.ar\/blog\/wp-json\/wp\/v2\/types\/post"}],"author":[{"embeddable":true,"href":"https:\/\/segurarse.com.ar\/blog\/wp-json\/wp\/v2\/users\/2"}],"replies":[{"embeddable":true,"href":"https:\/\/segurarse.com.ar\/blog\/wp-json\/wp\/v2\/comments?post=2729"}],"version-history":[{"count":1,"href":"https:\/\/segurarse.com.ar\/blog\/wp-json\/wp\/v2\/posts\/2729\/revisions"}],"predecessor-version":[{"id":5938,"href":"https:\/\/segurarse.com.ar\/blog\/wp-json\/wp\/v2\/posts\/2729\/revisions\/5938"}],"wp:featuredmedia":[{"embeddable":true,"href":"https:\/\/segurarse.com.ar\/blog\/wp-json\/wp\/v2\/media\/2730"}],"wp:attachment":[{"href":"https:\/\/segurarse.com.ar\/blog\/wp-json\/wp\/v2\/media?parent=2729"}],"wp:term":[{"taxonomy":"category","embeddable":true,"href":"https:\/\/segurarse.com.ar\/blog\/wp-json\/wp\/v2\/categories?post=2729"},{"taxonomy":"post_tag","embeddable":true,"href":"https:\/\/segurarse.com.ar\/blog\/wp-json\/wp\/v2\/tags?post=2729"}],"curies":[{"name":"wp","href":"https:\/\/api.w.org\/{rel}","templated":true}]}}